{"id":9870,"date":"2021-02-16T02:03:48","date_gmt":"2021-02-16T02:03:48","guid":{"rendered":"http:\/\/www.alpaderm.com\/?p=9870"},"modified":"2021-03-03T23:47:05","modified_gmt":"2021-03-03T23:47:05","slug":"die-haut-besser-kennenlernen","status":"publish","type":"post","link":"https:\/\/www.alpaderm.com\/de\/tipps\/die-haut-besser-kennenlernen\/","title":{"rendered":"Die Haut Besser Kennenlernen"},"content":{"rendered":"\n<p><strong>Aus erblicher Veranlagung kann die Haut besonders reaktiv auf \u00e4u\u00dfere Aggressionen sein. Manche Hauttypen rufen extrem starke Abwehrreaktionen auf \u00e4u\u00dfere Einfl\u00fcsse hervor, w\u00e4hrend andere nicht darauf reagieren.<\/strong><\/p>\n\n\n\n<p>Diese \u00dcberempfindlichkeit kann, wie die St\u00f6rung der Hautbarriere, genetischen Ursprungs sein. Es gibt Familien die zu Ekzema neigen, genauso wie es Familien von Asthmatikern gibt. Dieselbe Hyperreaktivit\u00e4t ist aber unter Umst\u00e4nden auch nicht erblich bedingt und kann auf Faktoren zur\u00fcckzuf\u00fchren sein, die als Reaktion auf unser Umfeldventstanden sind, insbesondere die K\u00f6rperreaktionen, wenn nach einem ersten Reiz mehr oder weniger h\u00e4ufig Wiederholungen auftreten.<\/p>\n\n\n\n<figure class=\"wp-block-image\"><img decoding=\"async\" src=\"http:\/\/www.alpaderm.com\/wp-content\/uploads\/2019\/12\/2-1.png\" alt=\"\"\/><\/figure>\n\n\n\n<p><strong>Die Haut ist der Spiegel des Inneren<\/strong><\/p>\n\n\n\n<p>Es ist viel von \u00e4u\u00dferen Reizstoffen die Rede, als sei die Haut nur ein Austauschorgan nach au\u00dfen, aber sie ist auch ein Austauschorgan nach innen. Mikrobische oder Pilzinfektionen sind h\u00e4ufig die Ursache von Hautreaktionen, ebenso wie Nahrungsmittelallergien und -unvertr\u00e4glichkeiten. Bei S\u00e4uglingen steht die Milch an erster Stelle. Bei Kleinkindern unter drei Jahren kann das Enzymkapital nicht ausreichen, um Kuhmilch zu verdauen, was zu einer Ver\u00e4nderung der Darmbarriere mit Auswirkungen auf die Haut f\u00fchren kann.<\/p>\n\n\n\n<p>Auch Medikamente k\u00f6nnen Nebenwirkungen auf der Haut verursachen, genau wie &nbsp;bestimmte Erkrankungen wie Gicht oder Arthritis.<\/p>\n\n\n\n<p><strong>Ein Ekzem zeigt ein Ungleichgewicht in der Funktion bestimmter Organe<\/strong><\/p>\n\n\n\n<p>Das Auftreten einer Hauterkrankung, wie z.B. eines Ekzems, kann die Folge einer unzureichenden Funktion eine Auscheidungsorgans (Nieren, Leber, Bauchspeicheldr\u00fcse, Darm, Lunge) sein. Diese Komplikation, ob chronisch oder durch eine pl\u00f6tzliche und unerwartete Belastung durch ein \u00e4u\u00dferes Reizmittel hervorgerufen, erfordert ein Eingreifen der Haut, um das Versagen auszugleichen.<\/p>\n\n\n\n<p><strong>Stress als Ausl<\/strong><strong>\u00f6sefaktor<\/strong><\/p>\n\n\n\n<p>Ob famili\u00e4r oder pers\u00f6nlich, ob f\u00fcr Babys, Kinder oder Erwachsene, kann eine psychosomatische Ursache unter gewissen Umst\u00e4nden als ausl\u00f6sender oder erschwerender Faktor wirken.<\/p>\n\n\n\n<p><strong>An wen sollte man sich wenden?<\/strong><\/p>\n\n\n\n<p><strong>Wenden Sie sich einer ganzheitlichen Vorgehensweise und nat\u00fcrlichen Arzneimitteln zu. Wenn man die Ursache des Ekzems erkennt und seinen Gesundheitszustand hinterfragt, findet man sich auch besser unter den verschiedenen Arten von \u00e4rztlicher Hilfe zurecht, die in dieser Art von Pathologie vorgeschlagen werden: Allgemeinmediziner, Allergologen, Dermatologen, Kinder\u00e4rzte, aber auch Phytotherapeuten oder Hom\u00f6opathen.<\/strong><\/p>\n\n\n\n<p>Um besser auf die komplexe Natur des Ekzems eingehen zu k\u00f6nnen, verf\u00fcgen einige Klinikabteilungen \u00fcber ein multidisziplin\u00e4res Gesundheitsteam (Krankenschwester, Psychologe, Dermatologe, Allergologe, Respirologe, Kinderarzt usw.).<\/p>\n\n\n\n<p>Wir empfehlen eine globale Herangehensweise an das Problem, um den Hautzustand nicht von dem Zusammenhang zu trennen, in dem er auftritt. In einer Zeit, in der wir die Aggressivit\u00e4t von Schadstoffen aller Art kritisieren, erscheint es ebenso weise und konstruktiv, sich der Alternativmedizin wie der Phytotherapie, Hom\u00f6opathie oder ganzheitlichen Medizin zuzuwenden.<\/p>\n","protected":false},"excerpt":{"rendered":"<p>Aus erblicher Veranlagung kann die Haut besonders reaktiv auf \u00e4u\u00dfere Aggressionen sein. Manche Hauttypen rufen extrem starke Abwehrreaktionen auf \u00e4u\u00dfere Einfl\u00fcsse hervor, w\u00e4hrend andere nicht darauf reagieren. Diese \u00dcberempfindlichkeit kann, wie die St\u00f6rung der Hautbarriere, genetischen Ursprungs sein. Es gibt Familien die zu Ekzema neigen, genauso wie es Familien von Asthmatikern gibt. Dieselbe Hyperreaktivit\u00e4t ist [&#8230;]\n","protected":false},"author":58,"featured_media":9929,"comment_status":"open","ping_status":"open","sticky":false,"template":"","format":"standard","meta":{"footnotes":""},"categories":[503],"tags":[],"class_list":["post-9870","post","type-post","status-publish","format-standard","has-post-thumbnail","hentry","category-tipps"],"_links":{"self":[{"href":"https:\/\/www.alpaderm.com\/de\/wp-json\/wp\/v2\/posts\/9870","targetHints":{"allow":["GET"]}}],"collection":[{"href":"https:\/\/www.alpaderm.com\/de\/wp-json\/wp\/v2\/posts"}],"about":[{"href":"https:\/\/www.alpaderm.com\/de\/wp-json\/wp\/v2\/types\/post"}],"author":[{"embeddable":true,"href":"https:\/\/www.alpaderm.com\/de\/wp-json\/wp\/v2\/users\/58"}],"replies":[{"embeddable":true,"href":"https:\/\/www.alpaderm.com\/de\/wp-json\/wp\/v2\/comments?post=9870"}],"version-history":[{"count":1,"href":"https:\/\/www.alpaderm.com\/de\/wp-json\/wp\/v2\/posts\/9870\/revisions"}],"predecessor-version":[{"id":11018,"href":"https:\/\/www.alpaderm.com\/de\/wp-json\/wp\/v2\/posts\/9870\/revisions\/11018"}],"wp:featuredmedia":[{"embeddable":true,"href":"https:\/\/www.alpaderm.com\/de\/wp-json\/wp\/v2\/media\/9929"}],"wp:attachment":[{"href":"https:\/\/www.alpaderm.com\/de\/wp-json\/wp\/v2\/media?parent=9870"}],"wp:term":[{"taxonomy":"category","embeddable":true,"href":"https:\/\/www.alpaderm.com\/de\/wp-json\/wp\/v2\/categories?post=9870"},{"taxonomy":"post_tag","embeddable":true,"href":"https:\/\/www.alpaderm.com\/de\/wp-json\/wp\/v2\/tags?post=9870"}],"curies":[{"name":"wp","href":"https:\/\/api.w.org\/{rel}","templated":true}]}}