{"id":10002,"date":"2021-02-16T18:33:12","date_gmt":"2021-02-16T18:33:12","guid":{"rendered":"http:\/\/www.alpaderm.com\/?p=10002"},"modified":"2021-03-03T23:46:42","modified_gmt":"2021-03-03T23:46:42","slug":"entender-la-piel","status":"publish","type":"post","link":"https:\/\/www.alpaderm.com\/es\/consejos\/entender-la-piel\/","title":{"rendered":"ENTENDER LA PIEL"},"content":{"rendered":"\n<p><strong>La piel puede responde de manera exagerada a las agresiones externas por razones gen\u00e9ticas, pero no siempre. Algunas pieles desencadenan respuestas inmunitarias excesivas a los agentes externos, mientras que otras no reaccionan en absoluto.<\/strong><\/p>\n\n\n\n<p>Esta hiperreactivad, como la alteraci\u00f3n de la barrera epid\u00e9rmica, puede tener un origen gen\u00e9tico. Hay familias que sufren de eczema, igual que las hay que lo hacen de asma. Pero esta misma hiperreactividad puede no ser hereditaria, sino el resultado de factores adquiridos en respuesta a nuestro medio ambiente, en particular las reacciones del cuerpo cuando, despu\u00e9s de un ataque inicial, se producen repeticiones m\u00e1s o menos espaciadas.<\/p>\n\n\n\n<figure class=\"wp-block-image\"><img decoding=\"async\" src=\"http:\/\/www.alpaderm.com\/wp-content\/uploads\/2019\/12\/2-1.png\" alt=\"\"\/><\/figure>\n\n\n\n<p><strong>La piel es el espejo de factores internos<\/strong><\/p>\n\n\n\n<p>Se habla mucho de irritantes externos, como si la piel fuera s\u00f3lo un \u00f3rgano de intercambio con el exterior; pero tambi\u00e9n es un \u00f3rgano de intercambio con el interior. Las infecciones microbianas y f\u00fangicas son a menudo la causa de reacciones cut\u00e1neas, as\u00ed como de alergias e intolerancias alimentarias. En el caso de los beb\u00e9s, la leche es el primer desencadenante. Para los menores de tres a\u00f1os, el capital enzim\u00e1tico puede ser insuficiente para digerir la leche de vaca, provocando una alteraci\u00f3n de la barrera intestinal que repercute en la piel.<\/p>\n\n\n\n<p>Los medicamentos tambi\u00e9n pueden causar efectos secundarios en la piel. Ciertas patolog\u00edas (gota, artritis) tambi\u00e9n pueden influir.<\/p>\n\n\n\n<p><strong>El eccema muestra un desequilibrio en la funci\u00f3n de determinados \u00f3rganos<\/strong><\/p>\n\n\n\n<p>La aparici\u00f3n de una afecci\u00f3n cut\u00e1nea como el eccema puede ser el resultado de la insuficiencia de alg\u00fan emuntorio (ri\u00f1ones, h\u00edgado, p\u00e1ncreas, intestinos, pulmones) para realizar su funci\u00f3n de manera normal. Esta dificultad, ya sea cr\u00f3nica o motivada por una sobrecarga puntual y brutal debida a un agente externo, requiere la intervenci\u00f3n de la piel para compensar el fallo.<\/p>\n\n\n\n<p><strong>El estr\u00e9s es un factor desencadenante<\/strong><\/p>\n\n\n\n<p>Tanto si es familiar como personal, para el beb\u00e9, el ni\u00f1o o el adulto, el factor psicosom\u00e1tico puede actuar como agente desencadenante o agravante.<\/p>\n\n\n\n<p><strong>A qui\u00e9n consultar?<\/strong><\/p>\n\n\n\n<p><strong>Optar por un enfoque global y medicinas naturales. La comprensi\u00f3n del eczema y el cuestionamiento que plantea sobre nuestro estado general de salud tambi\u00e9n tendr\u00e1n el efecto de orientarnos entre los diferentes tipos de ayudas m\u00e9dicas que se ofrecen en este tipo de patolog\u00eda:<\/strong>m\u00e9dico generalista, alerg\u00f3logo, dermat\u00f3logo, pediatra, pero tambi\u00e9n, por ejemplo, fitoterapeutas u home\u00f3patas.<\/p>\n\n\n\n<p>Para dar mejor respuesta a la compleja naturaleza del eczema, algunos servicios hospitalarios cuentan con un equipo de atenci\u00f3n multidisciplinar (enfermero, psic\u00f3logo, dermat\u00f3logo, alerg\u00f3logo, neum\u00f3logo, pediatra, etc.).<\/p>\n\n\n\n<p>S\u00f3lo podemos recomendar un enfoque global del problema para no aislar la afecci\u00f3n de la piel del contexto en el que aparece. Del mismo modo, en un momento en que se est\u00e1 tomando conciencia de la agresi\u00f3n de los contaminantes de todo tipo, parece sensato y constructivo recurrir a las medicinas naturales, como la fitoterapia, la homeopat\u00eda o la endobiogenia.<\/p>\n","protected":false},"excerpt":{"rendered":"<p>La piel puede responde de manera exagerada a las agresiones externas por razones gen\u00e9ticas, pero no siempre. Algunas pieles desencadenan respuestas inmunitarias excesivas a los agentes externos, mientras que otras no reaccionan en absoluto. Esta hiperreactivad, como la alteraci\u00f3n de la barrera epid\u00e9rmica, puede tener un origen gen\u00e9tico. Hay familias que sufren de eczema, igual [&#8230;]\n","protected":false},"author":58,"featured_media":9930,"comment_status":"open","ping_status":"open","sticky":false,"template":"","format":"standard","meta":{"footnotes":""},"categories":[504],"tags":[],"class_list":["post-10002","post","type-post","status-publish","format-standard","has-post-thumbnail","hentry","category-consejos"],"_links":{"self":[{"href":"https:\/\/www.alpaderm.com\/es\/wp-json\/wp\/v2\/posts\/10002","targetHints":{"allow":["GET"]}}],"collection":[{"href":"https:\/\/www.alpaderm.com\/es\/wp-json\/wp\/v2\/posts"}],"about":[{"href":"https:\/\/www.alpaderm.com\/es\/wp-json\/wp\/v2\/types\/post"}],"author":[{"embeddable":true,"href":"https:\/\/www.alpaderm.com\/es\/wp-json\/wp\/v2\/users\/58"}],"replies":[{"embeddable":true,"href":"https:\/\/www.alpaderm.com\/es\/wp-json\/wp\/v2\/comments?post=10002"}],"version-history":[{"count":2,"href":"https:\/\/www.alpaderm.com\/es\/wp-json\/wp\/v2\/posts\/10002\/revisions"}],"predecessor-version":[{"id":11485,"href":"https:\/\/www.alpaderm.com\/es\/wp-json\/wp\/v2\/posts\/10002\/revisions\/11485"}],"wp:featuredmedia":[{"embeddable":true,"href":"https:\/\/www.alpaderm.com\/es\/wp-json\/wp\/v2\/media\/9930"}],"wp:attachment":[{"href":"https:\/\/www.alpaderm.com\/es\/wp-json\/wp\/v2\/media?parent=10002"}],"wp:term":[{"taxonomy":"category","embeddable":true,"href":"https:\/\/www.alpaderm.com\/es\/wp-json\/wp\/v2\/categories?post=10002"},{"taxonomy":"post_tag","embeddable":true,"href":"https:\/\/www.alpaderm.com\/es\/wp-json\/wp\/v2\/tags?post=10002"}],"curies":[{"name":"wp","href":"https:\/\/api.w.org\/{rel}","templated":true}]}}